{"id":695,"date":"2016-07-18T20:00:34","date_gmt":"2016-07-18T19:00:34","guid":{"rendered":"http:\/\/rroms.bassinminier62.org\/site\/?p=695"},"modified":"2016-07-20T20:09:22","modified_gmt":"2016-07-20T19:09:22","slug":"fraternite-rroms-partenaire-de-la-sous-prefecture-de-lens","status":"publish","type":"post","link":"https:\/\/rroms.bassinminier62.org\/site\/fraternite-rroms-partenaire-de-la-sous-prefecture-de-lens\/","title":{"rendered":"Fraternit\u00e9 Rroms partenaire de la sous-pr\u00e9fecture de Lens ????"},"content":{"rendered":"<p>Lundi 18 juillet 2016, notre collectif Fraternit\u00e9 Rroms et nos ami-es de M\u00e9decins du Monde \u00e9taient <strong>re\u00e7u-es en sous-pr\u00e9fecture de Lens<\/strong>, par le secr\u00e9taire g\u00e9n\u00e9ral de la sous-pr\u00e9fecture, et le repr\u00e9sentant de la DDCS (Coh\u00e9sion sociale).<\/p>\n<p>C&rsquo;est nous qui avions demand\u00e9 ce rendez-vous, pour exprimer notre <strong>indignation<\/strong> devant les <strong>expulsions larv\u00e9es<\/strong> dont sont victimes nos ami-es Rroms.<\/p>\n<p><!--more--><\/p>\n<p>Pour expliquer ce qu&rsquo;est une expulsion larv\u00e9e, rien de tel qu&rsquo;un exemple concret : le camp rrom de Montigny-en-Gohelle \/ H\u00e9nin-Beaumont est le plus grand camp rrom sur le bassin minier. Les familles rroms y sont <strong>install\u00e9es depuis de tr\u00e8s nombreuses ann\u00e9es<\/strong>, et les militant-es de Fraternit\u00e9 Rroms et de M\u00e9decins du Monde y interviennent tr\u00e8s r\u00e9guli\u00e8rement. Le propri\u00e9taire du terrain (un priv\u00e9 qu&rsquo;on ne connait pas) se d\u00e9cide \u00e0 r\u00e9cup\u00e9rer son terrain pour y construire&#8230; des logements priv\u00e9s&#8230; et demande donc l&rsquo;expulsion du camp, en juin 2016. Et oui, sous notre beau r\u00e9gime de la propri\u00e9t\u00e9 priv\u00e9e, il est possible de faire une <strong>op\u00e9ration immobili\u00e8re en expulsant des familles !<\/strong><\/p>\n<div id=\"attachment_697\" style=\"width: 310px\" class=\"wp-caption aligncenter\"><img loading=\"lazy\" decoding=\"async\" aria-describedby=\"caption-attachment-697\" class=\"size-medium wp-image-697\" src=\"http:\/\/rroms.bassinminier62.org\/site\/wp-content\/uploads\/2016\/07\/20151001-NettoyageCampRromsMontigny-011-300x225.jpg\" alt=\"Le camp Rrom de Montigny-H\u00e9nin (octobre 2015)\" width=\"300\" height=\"225\" srcset=\"https:\/\/rroms.bassinminier62.org\/site\/wp-content\/uploads\/2016\/07\/20151001-NettoyageCampRromsMontigny-011-300x225.jpg 300w, https:\/\/rroms.bassinminier62.org\/site\/wp-content\/uploads\/2016\/07\/20151001-NettoyageCampRromsMontigny-011.jpg 640w\" sizes=\"auto, (max-width: 300px) 100vw, 300px\" \/><p id=\"caption-attachment-697\" class=\"wp-caption-text\">Le camp Rrom de Montigny-H\u00e9nin (octobre 2015)<\/p><\/div>\n<p><strong>L&rsquo;expulsion est donc imminente<\/strong>, en juin 2016. Il se dit que, d\u00e8s le lendemain de l&rsquo;euro de foot, l&rsquo;affaire sera pli\u00e9e.<\/p>\n<p>Ceci \u00e9tant, expulser pr\u00e8s de 200 personnes, \u00e7a n&rsquo;est pas rien ! Ce n&rsquo;est pas que les forces de l&rsquo;ordre se laissent attendrir, mais, si on peut \u00e9viter une publicit\u00e9 d\u00e9sagr\u00e9able, ce n&rsquo;est pas de refus&#8230;<\/p>\n<p>C&rsquo;est ainsi que se met en place une <strong>expulsion larv\u00e9e, pernicieuse, une expulsion qui ne dit pas son nom<\/strong> : les forces de l&rsquo;ordre se mettent \u00e0 passer sur le camp, avec des huissiers&#8230; On frappe \u00e0 chaque caravane, on pr\u00e9vient&#8230; gentiment mais fermement&#8230; on intimide un peu&#8230; Et puis, les familles Rroms savent malheureusement ce qu&rsquo;est une expulsion, \u00e7a laisse des traces dans sa chair et dans son mental&#8230; <strong>c&rsquo;est violent, il y a de la casse, et puis des humiliations&#8230;..<\/strong><\/p>\n<p>Alors, sans attendre le jour fatidique, les familles partent, une par une, parfois en groupe&#8230; Elles rejoignent un autre camp, ou bien elles ouvrent un squat&#8230; <strong>Et l&rsquo;expulsion n&rsquo;a pas lieu, puisqu&rsquo;il n&rsquo;y a plus personne \u00e0 expulser&#8230;<\/strong><\/p>\n<p>C&rsquo;est donc pour exprimer notre indignation que nous avions demand\u00e9 ce rendez-vous en sous-pr\u00e9fecture.<\/p>\n<div id=\"attachment_699\" style=\"width: 310px\" class=\"wp-caption aligncenter\"><img loading=\"lazy\" decoding=\"async\" aria-describedby=\"caption-attachment-699\" class=\"size-medium wp-image-699\" src=\"http:\/\/rroms.bassinminier62.org\/site\/wp-content\/uploads\/2016\/07\/SousPrefectureLens-300x208.png\" alt=\"Sous-prefecture de Lens\" width=\"300\" height=\"208\" srcset=\"https:\/\/rroms.bassinminier62.org\/site\/wp-content\/uploads\/2016\/07\/SousPrefectureLens-300x208.png 300w, https:\/\/rroms.bassinminier62.org\/site\/wp-content\/uploads\/2016\/07\/SousPrefectureLens.png 732w\" sizes=\"auto, (max-width: 300px) 100vw, 300px\" \/><p id=\"caption-attachment-699\" class=\"wp-caption-text\">Sous-prefecture de Lens<\/p><\/div>\n<p>Disons le d&#8217;embl\u00e9e, le secr\u00e9taire g\u00e9n\u00e9ral de la sous-pr\u00e9fecture et son personnel sont des personnes tr\u00e8s professionnelles, tr\u00e8s polies :<\/p>\n<ul>\n<li><em>Nous appliquons les d\u00e9cisions de justice par rapport aux expulsions et aux occupations ill\u00e9gales;<\/em><\/li>\n<li><em>le camp a \u00e9t\u00e9 l&rsquo;objet d&rsquo;un diagnostique pr\u00e9alable, conform\u00e9ment \u00e0 la loi : toutes les familles ont \u00e9t\u00e9 rencontr\u00e9es;<\/em><\/li>\n<li><em>des h\u00e9bergements d&rsquo;urgence ont m\u00eame \u00e9t\u00e9 identifi\u00e9s;<\/em><\/li>\n<li><em>nous souhaitons ins\u00e9rer des familles qui y seraient favorables;<\/em>(rappelons la r\u00e9alit\u00e9 d\u00e9risoire des chiffres :\u00a0 ces 5 derni\u00e8res ann\u00e9es, seules 3 familles ont \u00e9t\u00e9 int\u00e9gr\u00e9es dans de l&rsquo;habitat diffus !)<\/li>\n<li><em>nous respectons le point de vue militant, mais, du point de vue de la loi, \u00e7a ne tient pas;<\/em><\/li>\n<li><em>le contexte est compliqu\u00e9, concernant les \u00e9lu-es du territoire; il n&rsquo;y a pas de volont\u00e9 politique au niveau de la CALL et de la CAHC, ne serait-ce que concernant les gens du voyage&#8230; alors, concernant les Rroms&#8230; !!<\/em><\/li>\n<li><em>il n&rsquo;y aura pas d&rsquo;autres int\u00e9grations de rroms dans de l&rsquo;habitat diffus dans les semaines et les mois \u00e0 venir;<\/em><\/li>\n<\/ul>\n<p>Et puis, tout en fin d&rsquo;entretien, la sous-pr\u00e9fecture nous tend des perches :<\/p>\n<ul>\n<li><em>C&rsquo;est vrai que nous repr\u00e9sentons l&rsquo;\u00e9tat, et que les logiques de l&rsquo;\u00e9tat et de Fraternit\u00e9 Rroms et M\u00e9decins du Monde sont des logiques qui s&rsquo;opposent;<\/em><\/li>\n<li><em>mais, nous pourrions am\u00e9liorer notre dialogue; par exemple, apr\u00e8s l&rsquo;\u00e9t\u00e9, pour envisager comment et \u00e0 quelles conditions nous pourrions travailler ensemble;<\/em><\/li>\n<li><em>un partenariat pourrait m\u00eame \u00eatre possible \u00e0 condition que Fraternit\u00e9 Rroms et M\u00e9decins du monde abandonnent certaines postures, notamment concernant les expulsions : si Fraternit\u00e9 Rroms et M\u00e9decins du Monde poursuivent leurs initiatives contre les expulsions, le partenariat n&rsquo;est pas possible;<\/em><\/li>\n<li><em>m\u00eame le slogan \u00ab\u00a0pas d&rsquo;expulsion sans solution\u00a0\u00bb ne peut \u00eatre recevable, de la part de nos partenaires.<\/em><\/li>\n<\/ul>\n<p><strong>Rassurons tout de suite nos interlocuteurs : Fraternit\u00e9 Rroms reste oppos\u00e9 \u00e0 toute expulsion<\/strong><\/p>\n<p><strong>\u00c0 noter :<\/strong> d\u00e8s le lendemain de cette rencontre, une famille Rrom \u00e9tait expuls\u00e9e (<a href=\"http:\/\/rroms.bassinminier62.org\/site\/expulsion-en-cours-a-sallaumines\/\">voir notre article \u00e0 ce sujet<\/a>) de son squat, \u00e0 Sallaumines. Le secr\u00e9taire g\u00e9n\u00e9ral de la sous-pr\u00e9fecture ne nous en a pas touch\u00e9 un mot&#8230; Sans doute pour ne pas compromettre les chances de partenariat ! &#8230;.<\/p>\n","protected":false},"excerpt":{"rendered":"<p>Lundi 18 juillet 2016, notre collectif Fraternit\u00e9 Rroms et nos ami-es de M\u00e9decins du Monde \u00e9taient re\u00e7u-es en sous-pr\u00e9fecture de Lens, par le secr\u00e9taire g\u00e9n\u00e9ral de la sous-pr\u00e9fecture, et le repr\u00e9sentant de la DDCS (Coh\u00e9sion sociale). C&rsquo;est nous qui avions &hellip; <a href=\"https:\/\/rroms.bassinminier62.org\/site\/fraternite-rroms-partenaire-de-la-sous-prefecture-de-lens\/\">Continuer la lecture <span class=\"meta-nav\">&rarr;<\/span><\/a><\/p>\n","protected":false},"author":2,"featured_media":0,"comment_status":"closed","ping_status":"open","sticky":false,"template":"","format":"standard","meta":{"ngg_post_thumbnail":0,"footnotes":""},"categories":[8,3,4],"tags":[],"class_list":["post-695","post","type-post","status-publish","format-standard","hentry","category-actualite","category-expulsions","category-partenaires"],"_links":{"self":[{"href":"https:\/\/rroms.bassinminier62.org\/site\/wp-json\/wp\/v2\/posts\/695","targetHints":{"allow":["GET"]}}],"collection":[{"href":"https:\/\/rroms.bassinminier62.org\/site\/wp-json\/wp\/v2\/posts"}],"about":[{"href":"https:\/\/rroms.bassinminier62.org\/site\/wp-json\/wp\/v2\/types\/post"}],"author":[{"embeddable":true,"href":"https:\/\/rroms.bassinminier62.org\/site\/wp-json\/wp\/v2\/users\/2"}],"replies":[{"embeddable":true,"href":"https:\/\/rroms.bassinminier62.org\/site\/wp-json\/wp\/v2\/comments?post=695"}],"version-history":[{"count":7,"href":"https:\/\/rroms.bassinminier62.org\/site\/wp-json\/wp\/v2\/posts\/695\/revisions"}],"predecessor-version":[{"id":709,"href":"https:\/\/rroms.bassinminier62.org\/site\/wp-json\/wp\/v2\/posts\/695\/revisions\/709"}],"wp:attachment":[{"href":"https:\/\/rroms.bassinminier62.org\/site\/wp-json\/wp\/v2\/media?parent=695"}],"wp:term":[{"taxonomy":"category","embeddable":true,"href":"https:\/\/rroms.bassinminier62.org\/site\/wp-json\/wp\/v2\/categories?post=695"},{"taxonomy":"post_tag","embeddable":true,"href":"https:\/\/rroms.bassinminier62.org\/site\/wp-json\/wp\/v2\/tags?post=695"}],"curies":[{"name":"wp","href":"https:\/\/api.w.org\/{rel}","templated":true}]}}