{"id":754,"date":"2016-07-06T20:00:41","date_gmt":"2016-07-06T19:00:41","guid":{"rendered":"http:\/\/rroms.bassinminier62.org\/site\/?p=754"},"modified":"2016-07-24T12:38:22","modified_gmt":"2016-07-24T11:38:22","slug":"conference-de-presse-a-la-sous-prefecture","status":"publish","type":"post","link":"https:\/\/rroms.bassinminier62.org\/site\/conference-de-presse-a-la-sous-prefecture\/","title":{"rendered":"Conf\u00e9rence de presse \u00e0 la sous-pr\u00e9fecture"},"content":{"rendered":"<div id=\"attachment_755\" style=\"width: 610px\" class=\"wp-caption aligncenter\"><a href=\"http:\/\/rroms.bassinminier62.org\/site\/wp-content\/uploads\/2016\/07\/20160706-ConferenceDePresseLens.jpg\"><img loading=\"lazy\" decoding=\"async\" aria-describedby=\"caption-attachment-755\" class=\"wp-image-755\" src=\"http:\/\/rroms.bassinminier62.org\/site\/wp-content\/uploads\/2016\/07\/20160706-ConferenceDePresseLens-300x138.jpg\" alt=\"Article La Voix du Nord - 6 juillet 2016\" width=\"600\" height=\"277\" srcset=\"https:\/\/rroms.bassinminier62.org\/site\/wp-content\/uploads\/2016\/07\/20160706-ConferenceDePresseLens-300x138.jpg 300w, https:\/\/rroms.bassinminier62.org\/site\/wp-content\/uploads\/2016\/07\/20160706-ConferenceDePresseLens-768x354.jpg 768w, https:\/\/rroms.bassinminier62.org\/site\/wp-content\/uploads\/2016\/07\/20160706-ConferenceDePresseLens-1024x473.jpg 1024w\" sizes=\"auto, (max-width: 600px) 100vw, 600px\" \/><\/a><p id=\"caption-attachment-755\" class=\"wp-caption-text\">Article La Voix du Nord &#8211; 6 juillet 2016<\/p><\/div>\n<p>Cliquez sur l&rsquo;image, pour agrandissement<\/p>\n","protected":false},"excerpt":{"rendered":"<p>Cliquez sur l&rsquo;image, pour agrandissement<\/p>\n","protected":false},"author":2,"featured_media":0,"comment_status":"closed","ping_status":"open","sticky":false,"template":"","format":"standard","meta":{"ngg_post_thumbnail":0,"footnotes":""},"categories":[8,3,7,4],"tags":[],"class_list":["post-754","post","type-post","status-publish","format-standard","hentry","category-actualite","category-expulsions","category-nos-initiatives","category-partenaires"],"_links":{"self":[{"href":"https:\/\/rroms.bassinminier62.org\/site\/wp-json\/wp\/v2\/posts\/754","targetHints":{"allow":["GET"]}}],"collection":[{"href":"https:\/\/rroms.bassinminier62.org\/site\/wp-json\/wp\/v2\/posts"}],"about":[{"href":"https:\/\/rroms.bassinminier62.org\/site\/wp-json\/wp\/v2\/types\/post"}],"author":[{"embeddable":true,"href":"https:\/\/rroms.bassinminier62.org\/site\/wp-json\/wp\/v2\/users\/2"}],"replies":[{"embeddable":true,"href":"https:\/\/rroms.bassinminier62.org\/site\/wp-json\/wp\/v2\/comments?post=754"}],"version-history":[{"count":1,"href":"https:\/\/rroms.bassinminier62.org\/site\/wp-json\/wp\/v2\/posts\/754\/revisions"}],"predecessor-version":[{"id":756,"href":"https:\/\/rroms.bassinminier62.org\/site\/wp-json\/wp\/v2\/posts\/754\/revisions\/756"}],"wp:attachment":[{"href":"https:\/\/rroms.bassinminier62.org\/site\/wp-json\/wp\/v2\/media?parent=754"}],"wp:term":[{"taxonomy":"category","embeddable":true,"href":"https:\/\/rroms.bassinminier62.org\/site\/wp-json\/wp\/v2\/categories?post=754"},{"taxonomy":"post_tag","embeddable":true,"href":"https:\/\/rroms.bassinminier62.org\/site\/wp-json\/wp\/v2\/tags?post=754"}],"curies":[{"name":"wp","href":"https:\/\/api.w.org\/{rel}","templated":true}]}}